{"id":5644,"date":"2017-01-06T21:26:39","date_gmt":"2017-01-06T21:26:39","guid":{"rendered":"http:\/\/www.artvilla.com\/plt\/?p=5644"},"modified":"2019-02-11T07:57:52","modified_gmt":"2019-02-11T07:57:52","slug":"en-el-oido-del-viento-collected-poems-amparo-arrospide-reviewed-by-jose-antonio-pamies","status":"publish","type":"post","link":"https:\/\/www.artvilla.com\/plt\/en-el-oido-del-viento-collected-poems-amparo-arrospide-reviewed-by-jose-antonio-pamies\/","title":{"rendered":"En el O\u00eddo del Viento. Collected Poems. Amparo Arrospide. Reviewed by Jose Antonio Pamies"},"content":{"rendered":"<p><strong>&nbsp;<br \/>\nSu antigua m\u00fasica el desdecir  dici\u00e9ndose<br \/>\nel v\u00e9rtice del miedo y su pregunta<br \/>\nal filo de un abismo<br \/>\ncomo si de prestado no vivi\u00e9semos miedo<br \/>\n&nbsp;<br \/>\nAh no lo desconoces alguna vez de ni\u00f1o lo sentiste<br \/>\nbajo s\u00e1banas amargas o dichosas<br \/>\nde pronto alargar su dedo oscuro<br \/>\n&nbsp;<br \/>\nel miedo amigo el miedo c\u00f3mplice<br \/>\nrestregando los flancos de otro d\u00eda<br \/>\nbarrenando certezas pregunt\u00e1ndose aqu\u00ed<br \/>\nc\u00f3mo decirles nada c\u00f3mo decir si aprietan<br \/>\n&nbsp;<br \/>\nOtros imponen establecen recaudan<br \/>\notros castigan eval\u00faan deciden<br \/>\notros deciden miedo<br \/>\n&nbsp;<br \/>\no nadie en absoluto ni una sola persona<br \/>\ny sin embargo sabes<br \/>\nfrente al espejo sabes<br \/>\ncallar lo sabes lo has aprendido al fin<br \/>\n&nbsp;<br \/>\nDi qu\u00e9 pronto la costumbre nos arropa<br \/>\nqu\u00e9 pronto est\u00e1 debajo el escondite<br \/>\ny las vasijas fr\u00edas del llorar<br \/>\n&nbsp;<br \/>\ny el miedo nos sonr\u00ede tiritando<br \/>\nentrechocando dientes<br \/>\ncubiertos para un ya mudo comensal<br \/>\ntan yerto como t\u00fa que le prometes<br \/>\nvivir, seguir viviendo en miedo como siempre.<br \/>\n&nbsp;<br \/>\nAmparo Arr\u00f3spide, a poem from En el o\u00eddo del viento (Baile del Sol, 2016)<br \/>\n&nbsp;<br \/>\n&nbsp;<br \/>\n<img loading=\"lazy\" decoding=\"async\" src=\"http:\/\/www.artvilla.com\/plt\/wp-content\/uploads\/2016\/10\/Amparo-at-Liverpool-SParkway-UK-Arrival--300x225.jpg\" alt=\"OLYMPUS DIGITAL CAMERA\" width=\"300\" height=\"225\" class=\"size-medium wp-image-5545\" srcset=\"https:\/\/www.artvilla.com\/plt\/wp-content\/uploads\/2016\/10\/Amparo-at-Liverpool-SParkway-UK-Arrival--300x225.jpg 300w, https:\/\/www.artvilla.com\/plt\/wp-content\/uploads\/2016\/10\/Amparo-at-Liverpool-SParkway-UK-Arrival--768x576.jpg 768w, https:\/\/www.artvilla.com\/plt\/wp-content\/uploads\/2016\/10\/Amparo-at-Liverpool-SParkway-UK-Arrival--1024x768.jpg 1024w, https:\/\/www.artvilla.com\/plt\/wp-content\/uploads\/2016\/10\/Amparo-at-Liverpool-SParkway-UK-Arrival--100x75.jpg 100w, https:\/\/www.artvilla.com\/plt\/wp-content\/uploads\/2016\/10\/Amparo-at-Liverpool-SParkway-UK-Arrival--150x113.jpg 150w, https:\/\/www.artvilla.com\/plt\/wp-content\/uploads\/2016\/10\/Amparo-at-Liverpool-SParkway-UK-Arrival--200x150.jpg 200w, https:\/\/www.artvilla.com\/plt\/wp-content\/uploads\/2016\/10\/Amparo-at-Liverpool-SParkway-UK-Arrival--450x338.jpg 450w, https:\/\/www.artvilla.com\/plt\/wp-content\/uploads\/2016\/10\/Amparo-at-Liverpool-SParkway-UK-Arrival--600x450.jpg 600w, https:\/\/www.artvilla.com\/plt\/wp-content\/uploads\/2016\/10\/Amparo-at-Liverpool-SParkway-UK-Arrival--900x675.jpg 900w\" sizes=\"(max-width: 300px) 100vw, 300px\" \/><br \/>\n&nbsp;<br \/>\n&nbsp;<br \/>\n<strong>Amparo Arr\u00f3spide (Argentina) has published five poetry collections:<em> Presencia en el Misterio, Mosaicos bajo la hiedra, Alucinaci\u00f3n en dos actos y algunos poemas, Pa\u00f1uelos de usar y tirar and En el o\u00eddo del viento<\/em>, as well as poems, short stories and articles on literature and films in anthologies and international magazines. She has translated authors such as Francisca Aguirre, Javier D\u00edaz Gil, Luis Fores and Jos\u00e9 Antonio Pamies into English, together with Robin Ouzman Hislop, who she worked with for a period as co-editor of Poetry Life and Times, a Webzine. Her translations into Spanish of Margaret Atwood <em>(Morning in the Burned House<\/em>), James Stephens <em>(Irish Fairy Tales<\/em>) and Mia Couto (<em>Vinte e Zinco<\/em>) are in the course of being published, as well as her two poetry collections<em> Hormigas en di\u00e1spora<\/em> and <em>Jacuzzi<\/em>. She takes part in festivals, recently Transforming with Poetry (Leeds) and Centro de Poes\u00eda Jos\u00e9 Hierro (Getafe).<\/strong><br \/>\n&nbsp;<br \/>\n&nbsp;<\/p>\n<p>\t<strong>(EN EL O\u00cdDO DEL VIENTO, Baile del Sol, 2016)<br \/>\n\tAmparo Arr\u00f3spide<br \/>\n&nbsp;<br \/>\n&nbsp;<br \/>\n<em>En el o\u00eddo del viento<\/em> es el \u00faltimo libro de poemas publicado por Amparo Arr\u00f3spide, fil\u00f3loga, traductora y poeta nacida en Argentina y radicada desde hace a\u00f1os en Europa. En esta colecci\u00f3n de poemas nos ofrece un trabajo singular, innovador, sorprendente, coloreado por diversos registros y voces corales, sin perder el hilo conductor de una voz afianzada: \u201cY a salvo yo, lectora de la vida, esto que se mueve y me sucede, donde sucedo y no hay respuestas, ni siquiera b\u00fasqueda de respuestas, un af\u00e1n in\u00fatil, donde presto mi o\u00eddo atento al runr\u00fan de lo que pasa y va pasando.\u201d<br \/>\n&nbsp;<br \/>\nLa realidad resuena en este o\u00eddo y se nos ofrece traducida con distorsi\u00f3n, juegos del lenguaje y toques de iron\u00eda, quiz\u00e1 una de las mejores formas de poner de manifiesto la situaci\u00f3n social que atravesamos sin caer en la queja panfletaria o el lamento repetitivo.<br \/>\n&nbsp;<br \/>\nY es que lo cierto y verdad es que \u201cHemos descre\u00eddo del g\u00e9nero mayor, ese rumiante ante la caja de los paneg\u00edricos con olor a violeta y forma de billete bancario.\u201d<br \/>\n&nbsp;<br \/>\nEl libro est\u00e1 dividido en tres partes: <em>\u201cen el o\u00eddo del viento\u201d<\/em>, <em>\u201cel mundo en fuga\u201d<\/em> y una tercera parte <em>\u201ca modo de ep\u00edlogo\u201d<\/em>. Encontramos en muchos de estos poemas una poes\u00eda cr\u00edtica con esa realidad exterior que sutilmente nos ha ido imponiendo su dictadura de lo pol\u00edticamente correcto. Es tarea de la poes\u00eda desvelar los resortes de esas trampas para acceder a la verdad, a la esencia de una realidad que a menudo difiere bastante de las apariencias: \u201c\u00bfUstedes nunca fueron vendidas compradas constru\u00eddas\/ paseadas por los medios de incomunicaci\u00f3n?\u201d<br \/>\n&nbsp;<br \/>\nLos poemas se enfrentan a esa labor a trav\u00e9s de ingeniosos mecanismos que denotan un buen trabajo con el lenguaje y con la sem\u00e1ntica, dejando apreciar el valor textual de los poemas, a la vez que encuentran diversos tipos de paralelismos con la realidad exterior a la que refieren. En esa relaci\u00f3n de contexto los versos se abren paso significando distorsionadamente, tratando con divertimento cr\u00edtico acontecimientos que nos conciernen a todos los ciudadanos.<br \/>\n&nbsp;<br \/>\nUna innovadora fusi\u00f3n de po\u00e9ticas se nos revela aqu\u00ed. Por un lado, encontramos preocupaciones y motivos de fondo que podr\u00edan resumirse en estas palabras de Enrique Falc\u00f3n: \u201cMi verdadero conflicto: que me muerden mis versos, que no tengo pa\u00eds.\u201d Y por otro lado, el magn\u00edfico trabajo con el lenguaje se acerca formalmente a una poes\u00eda conceptual, cercana a los concretistas y a algunas obras de Mart\u00edn Gubbins o Ignacio Miranda en su tratamiento del lenguaje administrativo y burocr\u00e1tico, convertido en obra de arte mediante el talento po\u00e9tico.<br \/>\n&nbsp;<br \/>\nEsta labor a que nos referimos se aprecia en una serie de poemas que ofrecen variaciones a referencias legislativas como en \u201cReal Decreto 624\/2014\u201d o a discursos pol\u00edticos como en \u201cInvestidura MMXI\u201d donde se alude al discurso de investidura del presidente de Gobierno actual en Espa\u00f1a. Hay en ellos un contraste de la estructura opaca, propia de ese tipo de discursos pol\u00edticos, con esa magia po\u00e9tica que nace de los nuevos sentidos que ofrece el texto distorsionado. Ecos surrealistas de una voz que se distancia de la realidad para denunciarla mejor mediante la deformaci\u00f3n de los significantes, el realismo de ese lenguaje pol\u00edtico resulta tan gris\u00e1ceo que en su temerario enga\u00f1o no es capaz de ofrecer ni siquiera un vocabulario seductor. Esta poes\u00eda seduce y divierte, pero a su vez contiene el poso amargo de la verdad ineludible, de la corrupci\u00f3n, del paro, de los recortes, de las mentiras que duelen:<br \/>\n&nbsp;<br \/>\n\u201cHabr\u00e1 pa\u00f1oles, todos punibles, todos fungibles, todos cocodrilos,\/ dignos de esputo, todos capaces de trincar en la estafeta com\u00fan.\u201d<br \/>\n&nbsp;<br \/>\nLos recursos del lenguaje po\u00e9tico son mucho m\u00e1s bellos y entretenidos que ese lenguaje de los bur\u00f3cratas, pero desvelan tambi\u00e9n una verdad m\u00e1s cruda. El esperpento se hace necesario para poder afrontar el tratamiento de cuestiones que tanto nos afectan: apela a la funci\u00f3n l\u00fadica de la literatura a la vez que despierta el pensamiento cr\u00edtico, se\u00f1al\u00e1ndonos la realidad que tenemos que afrontar cada d\u00eda.<br \/>\n&nbsp;<br \/>\n\u201cEsta es mi puesta, Lu\u00f1or\u00edas.\/ Es una oferta de bergamota porque se sustenta en la micci\u00f3n\/ de que contamos con miedos, meigas y vergas para salir adelante.\u201d<br \/>\n&nbsp;<br \/>\nEn <em>En el o\u00eddo del viento <\/em>tambi\u00e9n hay r\u00e1fagas de un registro m\u00e1s \u00edntimo con poemas que apuntan a preocupaciones esenciales como el paso del tiempo, la naturaleza o el amor con ecos de C\u00e9sar Vallejo y referencias a otras tradiciones culturales. Y tambi\u00e9n a la utilidad de la poes\u00eda, al lugar del poeta en este mundo, si es que tiene cabida m\u00e1s all\u00e1 de infinitos interrogantes: \u201c\u00bfTodos los poetas no pueden\u2026\/ obtener un doctorado en sinestesia\/ por la universidad de Columbia en Nueva York? \/\u00bfTrabajar de catedr\u00e1ticos de ciencias p\u00fanicas\/ trabajar de maestras jardineras,\/ trabajar?\u201d \u201c\u00bfNo pueden desdoblarse transmutarse \/ no pueden extra\u00f1arse balbucearse \/ y enmudecer al fin?\u201d<br \/>\n&nbsp;<br \/>\nEn el contexto actual no podemos permitirnos el lujo de que este tipo de obras pasen de puntillas por las estanter\u00edas, estamos ante una apuesta innovadora y vitalista que tiende puentes y abre caminos en el marco de la poes\u00eda contempor\u00e1nea. A pesar de tantas necesarias cuestiones, esta poes\u00eda no enmudecer\u00e1.<br \/>\n &nbsp;<br \/>\nCerrando el libro, a modo de ep\u00edlogo, encontramos un magn\u00edfico di\u00e1logo que no podr\u00eda ser m\u00e1s necesario: \u201cPor su bien y por el m\u00edo, ciudadano paciente, lo engranar\u00e9 en la maquinaria de la rutina social. Afortunado usted: de haberlo atendido otro (hay dos escuelas, la dura y la inflexible), dada su m\u00f3rbida atracci\u00f3n por Sogas y Vigas ya estar\u00eda colgando. Podr\u00eda hacer otro chiste f\u00e1cil con los empalmes del ahorcamiento pero no lo har\u00e9. Al\u00e9grese, hombre, tiene usted permiso. \u00a1Pero hable, calle, al\u00e9grese!\u201d<br \/>\n &nbsp;<br \/>\nPor su bien y por el m\u00edo, ciudadano paciente, le recomiendo que se acerque a la poes\u00eda que Amparo Arr\u00f3spide nos ofrece en esta obra.<br \/>\n &nbsp;<br \/>\n Jos\u00e9 Antonio Pamies<br \/>\n&nbsp;<br \/>\nEn el o\u00eddo del viento is only sold at<a href=\"http:\/\/www.latiendadebailedelsol.org\/363-arr\u00f3spide-amparo-en-el-o\u00eddo-del-viento-.html\"> http:\/\/www.latiendadebailedelsol.org\/ Amparo Arr\u00f3spide En el O\u00eddo del Viento.html<\/a><\/strong><br \/>\n&nbsp;<br \/>\n&nbsp;<br \/>\n<a href=\"http:\/\/www.artvilla.com\/plt\/how-could-i-ever-forget-you-sonnet-by-jose-antonio-pamies-translated-from-spanish-by-robin-ouzman-hislop\/jose-pamies\/\" rel=\"attachment wp-att-2598\"><img loading=\"lazy\" decoding=\"async\" src=\"http:\/\/www.artvilla.com\/plt\/wp-content\/uploads\/2014\/05\/jose-pamies.jpg\" alt=\"jose pamies\" width=\"100\" height=\"100\" class=\"alignnone size-full wp-image-2598\" \/><\/a><br \/>\n&nbsp;<br \/>\n&nbsp;<\/p>\n<pre class=\"western\"><b><span style=\"font-family: Georgia,serif;\"><span style=\"font-size: small;\">Jos\u00e9 Antonio Pamies (Alicante, 1981<\/span><\/span><span style=\"font-family: Georgia,serif;\"><span style=\"font-size: small;\">\u2015<\/span><\/span><span style=\"font-family: Georgia,serif;\"><span style=\"font-size: small;\">) Finalista del III Premio internacional de poes\u00eda \r\nAndr\u00e9s Salom 2005 y del II Premio de la editorial poesia Eres Tu 2010 con <\/span><\/span><span style=\"font-family: Georgia,serif;\"><span style=\"font-size: small;\"><i>Las Ruinas \r\nde la Aurora<\/i><\/span><\/span><span style=\"font-family: Georgia,serif;\"><span style=\"font-size: small;\">. Ha publicado <\/span><\/span><span style=\"font-family: Georgia,serif;\"><span style=\"font-size: small;\"><i>Campos de hielo<\/i><\/span><\/span><span style=\"font-family: Georgia,serif;\"><span style=\"font-size: small;\"> (Babilonia, Pliegos de la palabra n\u00ba 3, 2012) \r\ny <\/span><\/span><span style=\"font-family: Georgia,serif;\"><span style=\"font-size: small;\"><i>Afon\u00edas<\/i><\/span><\/span><span style=\"font-family: Georgia,serif;\"><span style=\"font-size: small;\"> (finalista del XXVI Premio Gerardo Diego de Poes\u00eda), as\u00ed como poemas en revistas \r\ny <\/span><\/span><span style=\"font-family: Georgia,serif;\"><span style=\"font-size: small;\">numerosas<\/span><\/span><span style=\"font-family: Georgia,serif;\"><span style=\"font-size: small;\"> antolog\u00edas. Reside en Madrid, donde realiza estudia Teor\u00eda de la Literatura y \r\nLiteratura Comparada.\r\n&nbsp;\r\n&nbsp;\r\n<\/span><\/span><\/b><\/pre>\n<p class=\"western\" style=\"margin-bottom: 0cm;\" align=\"LEFT\"> <b><span style=\"color: #000000;\"><span style=\"font-family: Georgia,serif;\"><span style=\"font-size: small;\">Jos\u00e9 Antonio Pamies (Alicante, 1981<\/span><\/span><\/span><span style=\"color: #000000;\"><span style=\"font-family: Georgia,serif;\"><span style=\"font-size: small;\">\u2015<\/span><\/span><\/span><span style=\"color: #000000;\"><span style=\"font-family: Georgia,serif;\"><span style=\"font-size: small;\">) His early poetry collection <\/span><\/span><\/span><span style=\"color: #000000;\"><span style=\"font-family: Georgia,serif;\"><span style=\"font-size: small;\"><i>Las Ruinas de la Aurora<\/i><\/span><\/span><\/span><span style=\"color: #000000;\"><span style=\"font-family: Georgia,serif;\"><span style=\"font-size: small;\"> was a runner up at the III Andres Salom International Poetry Award in 2005 and the II poesia Eres Tu Publisher Award in 2010. He has published <\/span><\/span><\/span><span style=\"color: #000000;\"><span style=\"font-family: Georgia,serif;\"><span style=\"font-size: small;\"><i>Campos de hielo<\/i><\/span><\/span><\/span><span style=\"color: #000000;\"><span style=\"font-family: Georgia,serif;\"><span style=\"font-size: small;\"> (Babilonia, Pliegos de la palabra n\u00ba 3) and <\/span><\/span><\/span><span style=\"color: #000000;\"><span style=\"font-family: Georgia,serif;\"><span style=\"font-size: small;\"><i>Afon\u00edas<\/i><\/span><\/span><\/span><span style=\"color: #000000;\"><span style=\"font-family: Georgia,serif;\"><span style=\"font-size: small;\">\u2015<\/span><\/span><\/span><span style=\"color: #000000;\"><span style=\"font-family: Georgia,serif;\"><span style=\"font-size: small;\"> a runner up at the XXVI Gerardo Diego Poetry Award. He currently lives in Madrid, pursuing studies in Theory of Literature and Comparative Literature.<\/span><\/span><\/span><\/b><\/p>\n<p>&nbsp;<br \/>\n<strong><a href=\"http:\/\/www.facebook.com\/PoetryLifeTimes\">www.facebook.com\/PoetryLifeTimes<\/a><br \/>\n<a href=\"http:\/\/www.facebook.com\/Artvilla.com\">www.facebook.com\/Artvilla.com<\/a><br \/>\n<a href=\"http:\/\/www.artvilla.com\/\">robin@artvilla.com<\/a><br \/>\n<a href=\"http:\/\/www.artvilla.com\/\">editor@artvilla.com<\/a><\/strong><br \/>\n&nbsp;<br \/>\n<strong><a href=\"http:\/\/www.lulu.com\/shop\/guadalupe-grande\/key-of-mist\/paperback\/product-22896809.html\">Key of Mist. Guadalupe Grande.Translated.Amparo Arr\u00f3spide.Robin Ouzman Hislop<\/a><\/strong><br \/>\n&nbsp;<br \/>\n<strong><a href=\"http:\/\/www.goodreads.com\/author\/show\/14752100.Robin_Ouzman_Hislop\"> goodreads.com\/author\/show\/Robin Ouzman Hislop<\/a><\/strong><br \/>\n<strong><a href=\"http:\/\/www.aquillrelle.com\/authorrobin.htm\">http:\/\/www.aquillrelle.com\/authorrobin.htm<\/a><\/strong><br \/>\n<strong><a href=\"http:\/\/www.amazon.com\/Babble-Souk-Robin-Ouzman-Hislop\/dp\/1329636953\/\">http:\/\/www.amazon.com. All the Babble of the Souk. Robin Ouzman Hislop<\/a><br \/>\n<a href=\"http:\/\/www.lulu.com\/shop\/robin-ouzman-hislop\/all-the-babble-of-the-souk\/paperback\/product-22419943.html\" target=\"blank\">www.lulu.com. All the Babble of the Souk. Robin Ouzman Hislop <\/a><br \/>\n<a href=\"https:\/\/www.amazon.com\/author\/robinouzmanhislop\">https:\/\/www.amazon.com\/author\/robinouzmanhislop<\/a><br \/>\n<a href=\"http:\/\/www.innerchildpress.com\/robin-ouzman-hislop.php\">http:\/\/www.innerchildpress.com\/robin-ouzman-hislop.All the Babble of the Souk<\/a><\/strong><\/p>\n<div class=\"wp-socializer wpsr-share-icons\" data-lg-action=\"show\" data-sm-action=\"show\" data-sm-width=\"768\"><h3>Share and Enjoy !<\/h3><div class=\"wpsr-si-inner\"><div class=\"wpsr-counter wpsrc-sz-40px\" style=\"color:#000\"><span class=\"scount\" data-wpsrs=\"\" data-wpsrs-svcs=\"pinterest,print,pdf,twitter\"><i class=\"fa fa-share-alt\" aria-hidden=\"true\"><\/i><\/span><small class=\"stext\">Shares<\/small><\/div><div class=\"socializer sr-popup sr-count-1 sr-40px sr-pad\"><span class=\"sr-pinterest\"><a data-pin-custom=\"true\" data-id=\"pinterest\" style=\"color:#ffffff;\" rel=\"nofollow\" href=\"https:\/\/www.pinterest.com\/pin\/create\/button\/?url=&amp;media=&amp;description=\" target=\"_blank\" title=\"Submit this to Pinterest\"><i class=\"fab fa-pinterest\"><\/i><span class=\"ctext\" data-wpsrs=\"\" data-wpsrs-svcs=\"pinterest\"><\/span><\/a><\/span>\n<span class=\"sr-print\"><a data-id=\"print\" style=\"color:#ffffff;\" rel=\"nofollow\" href=\"https:\/\/www.printfriendly.com\/print?url=\" target=\"_blank\" title=\"Print this article \"><i class=\"fa fa-print\"><\/i><\/a><\/span>\n<span class=\"sr-pdf\"><a data-id=\"pdf\" style=\"color:#ffffff;\" rel=\"nofollow\" href=\"https:\/\/www.printfriendly.com\/print?url=\" target=\"_blank\" title=\"Convert to PDF\"><i class=\"fa fa-file-pdf\"><\/i><\/a><\/span>\n<span class=\"sr-twitter\"><a data-id=\"twitter\" style=\"color:#ffffff;\" rel=\"nofollow\" href=\"https:\/\/twitter.com\/intent\/tweet?text=%20-%20%20\" target=\"_blank\" title=\"Tweet this !\"><i class=\"fab fa-twitter\"><\/i><\/a><\/span>\n<span class=\"sr-share-menu\"><a href=\"#\" target=\"_blank\" title=\"More share links\" style=\"color:#ffffff;\" data-metadata=\"{&quot;url&quot;:&quot;&quot;,&quot;title&quot;:&quot;&quot;,&quot;excerpt&quot;:&quot;&quot;,&quot;image&quot;:&quot;&quot;,&quot;short-url&quot;:&quot;&quot;,&quot;rss-url&quot;:&quot;https:\\\/\\\/www.artvilla.com\\\/plt\\\/feed\\\/&quot;,&quot;comments-section&quot;:&quot;comments&quot;,&quot;raw-url&quot;:null,&quot;twitter-username&quot;:&quot;&quot;,&quot;fb-app-id&quot;:&quot;&quot;,&quot;fb-app-secret&quot;:&quot;&quot;}\"><i class=\"fa fa-plus\"><\/i><\/a><\/span><\/div><\/div><\/div><div class=\"wp-socializer wpsr-share-icons\" data-lg-action=\"show\" data-sm-action=\"show\" data-sm-width=\"768\"><div class=\"wpsr-si-inner\"><div class=\"socializer sr-popup sr-32px sr-pad\"><span class=\"sr-facebook\"><a data-id=\"facebook\" style=\"background-color:#1e73be;color:#8224e3;\" rel=\"nofollow\" href=\"https:\/\/www.facebook.com\/share.php?u=\" target=\"_blank\" title=\"Share this on Facebook\"><i class=\"fab fa-facebook-f\"><\/i><\/a><\/span>\n<span class=\"sr-share-menu\"><a href=\"#\" target=\"_blank\" title=\"More share links\" style=\"background-color:#1e73be;color:#8224e3;\" data-metadata=\"{&quot;url&quot;:&quot;&quot;,&quot;title&quot;:&quot;&quot;,&quot;excerpt&quot;:&quot;&quot;,&quot;image&quot;:&quot;&quot;,&quot;short-url&quot;:&quot;&quot;,&quot;rss-url&quot;:&quot;https:\\\/\\\/www.artvilla.com\\\/plt\\\/feed\\\/&quot;,&quot;comments-section&quot;:&quot;comments&quot;,&quot;raw-url&quot;:null,&quot;twitter-username&quot;:&quot;&quot;,&quot;fb-app-id&quot;:&quot;&quot;,&quot;fb-app-secret&quot;:&quot;&quot;}\"><i class=\"fa fa-plus\"><\/i><\/a><\/span><\/div><\/div><\/div>","protected":false},"excerpt":{"rendered":"<p>&nbsp; Su antigua m\u00fasica el desdecir dici\u00e9ndose el v\u00e9rtice del miedo y su pregunta al filo de un abismo como si de prestado no vivi\u00e9semos miedo &nbsp; Ah no lo desconoces alguna vez de ni\u00f1o lo sentiste bajo s\u00e1banas amargas o dichosas de pronto alargar su dedo oscuro &nbsp; el miedo amigo el miedo c\u00f3mplice &#8230; <a title=\"En el O\u00eddo del Viento. Collected Poems. Amparo Arrospide. Reviewed by Jose Antonio Pamies\" class=\"read-more\" href=\"https:\/\/www.artvilla.com\/plt\/en-el-oido-del-viento-collected-poems-amparo-arrospide-reviewed-by-jose-antonio-pamies\/\" aria-label=\"More on En el O\u00eddo del Viento. Collected Poems. Amparo Arrospide. Reviewed by Jose Antonio Pamies\">Read more<\/a><\/p>\n","protected":false},"author":2,"featured_media":5642,"comment_status":"closed","ping_status":"closed","sticky":false,"template":"","format":"standard","meta":{"footnotes":""},"categories":[50,1,572,717,444,43,584],"tags":[198,103,136,3,147,95],"_links":{"self":[{"href":"https:\/\/www.artvilla.com\/plt\/wp-json\/wp\/v2\/posts\/5644"}],"collection":[{"href":"https:\/\/www.artvilla.com\/plt\/wp-json\/wp\/v2\/posts"}],"about":[{"href":"https:\/\/www.artvilla.com\/plt\/wp-json\/wp\/v2\/types\/post"}],"author":[{"embeddable":true,"href":"https:\/\/www.artvilla.com\/plt\/wp-json\/wp\/v2\/users\/2"}],"replies":[{"embeddable":true,"href":"https:\/\/www.artvilla.com\/plt\/wp-json\/wp\/v2\/comments?post=5644"}],"version-history":[{"count":12,"href":"https:\/\/www.artvilla.com\/plt\/wp-json\/wp\/v2\/posts\/5644\/revisions"}],"predecessor-version":[{"id":6827,"href":"https:\/\/www.artvilla.com\/plt\/wp-json\/wp\/v2\/posts\/5644\/revisions\/6827"}],"wp:featuredmedia":[{"embeddable":true,"href":"https:\/\/www.artvilla.com\/plt\/wp-json\/wp\/v2\/media\/5642"}],"wp:attachment":[{"href":"https:\/\/www.artvilla.com\/plt\/wp-json\/wp\/v2\/media?parent=5644"}],"wp:term":[{"taxonomy":"category","embeddable":true,"href":"https:\/\/www.artvilla.com\/plt\/wp-json\/wp\/v2\/categories?post=5644"},{"taxonomy":"post_tag","embeddable":true,"href":"https:\/\/www.artvilla.com\/plt\/wp-json\/wp\/v2\/tags?post=5644"}],"curies":[{"name":"wp","href":"https:\/\/api.w.org\/{rel}","templated":true}]}}